{"id":2856,"date":"2025-10-09T19:18:29","date_gmt":"2025-10-09T17:18:29","guid":{"rendered":"https:\/\/www.bizartrit.com\/fr\/?p=2856"},"modified":"2025-10-09T19:31:12","modified_gmt":"2025-10-09T17:31:12","slug":"temps-de-pause-2025","status":"publish","type":"post","link":"https:\/\/www.bizartrit.com\/fr\/temps-de-pause-2025\/","title":{"rendered":"Temps de Pause 2025"},"content":{"rendered":"\t\t<div data-elementor-type=\"wp-post\" data-elementor-id=\"2856\" class=\"elementor elementor-2856\" data-elementor-post-type=\"post\">\n\t\t\t\t<div class=\"elementor-element elementor-element-58372c7 e-flex e-con-boxed wpr-particle-no wpr-jarallax-no wpr-parallax-no wpr-sticky-section-no wpr-column-slider-no wpr-equal-height-no e-con e-parent\" data-id=\"58372c7\" data-element_type=\"container\" data-e-type=\"container\">\n\t\t\t\t\t<div class=\"e-con-inner\">\n\t\t<div class=\"elementor-element elementor-element-40d90b9 e-con-full e-flex wpr-particle-no wpr-jarallax-no wpr-parallax-no wpr-sticky-section-no wpr-column-slider-no wpr-equal-height-no e-con e-child\" data-id=\"40d90b9\" data-element_type=\"container\" data-e-type=\"container\">\n\t\t\t\t<div class=\"elementor-element elementor-element-ba6ad32 elementor-widget elementor-widget-text-editor\" data-id=\"ba6ad32\" data-element_type=\"widget\" data-e-type=\"widget\" data-widget_type=\"text-editor.default\">\n\t\t\t\t<div class=\"elementor-widget-container\">\n\t\t\t\t\t\t\t\t\t<div>Cette exposition en partenariat avec le C.H.A.C, la M.D.A, l&rsquo;ARS ainsi que Loisirs Education Couserans\u00a0est le r\u00e9sultat d&rsquo;un s\u00e9jour de r\u00e9pit r\u00e9alis\u00e9 durant l&rsquo;\u00e9t\u00e9 2025. 11 jeunes issus du\u00a0 dispositif JADE (jeunes aidant) sont partis en s\u00e9jours de r\u00e9pit durant une semaine avec pour th\u00e9matique la d\u00e9couverte de la Photographie.<\/div><div>\u00a0<\/div><div><strong>Cette exposition invite le regardeur \u00e0 d\u00e9couvrir la notion de r\u00e9pit \u00e0 travers l&rsquo;\u0153il de ses 11 jeunes.\u00a0<\/strong><\/div>\t\t\t\t\t\t\t\t<\/div>\n\t\t\t\t<\/div>\n\t\t\t\t<\/div>\n\t\t<div class=\"elementor-element elementor-element-be56b61 e-con-full e-flex wpr-particle-no wpr-jarallax-no wpr-parallax-no wpr-sticky-section-no wpr-column-slider-no wpr-equal-height-no e-con e-child\" data-id=\"be56b61\" data-element_type=\"container\" data-e-type=\"container\">\n\t\t\t\t<div class=\"elementor-element elementor-element-e5ff35b elementor-icon-list--layout-traditional elementor-list-item-link-full_width elementor-widget elementor-widget-icon-list\" data-id=\"e5ff35b\" data-element_type=\"widget\" data-e-type=\"widget\" data-widget_type=\"icon-list.default\">\n\t\t\t\t<div class=\"elementor-widget-container\">\n\t\t\t\t\t\t\t<ul class=\"elementor-icon-list-items\">\n\t\t\t\t\t\t\t<li class=\"elementor-icon-list-item\">\n\t\t\t\t\t\t\t\t\t\t\t<span class=\"elementor-icon-list-icon\">\n\t\t\t\t\t\t\t<svg aria-hidden=\"true\" class=\"e-font-icon-svg e-far-calendar-alt\" viewBox=\"0 0 448 512\" xmlns=\"http:\/\/www.w3.org\/2000\/svg\"><path d=\"M148 288h-40c-6.6 0-12-5.4-12-12v-40c0-6.6 5.4-12 12-12h40c6.6 0 12 5.4 12 12v40c0 6.6-5.4 12-12 12zm108-12v-40c0-6.6-5.4-12-12-12h-40c-6.6 0-12 5.4-12 12v40c0 6.6 5.4 12 12 12h40c6.6 0 12-5.4 12-12zm96 0v-40c0-6.6-5.4-12-12-12h-40c-6.6 0-12 5.4-12 12v40c0 6.6 5.4 12 12 12h40c6.6 0 12-5.4 12-12zm-96 96v-40c0-6.6-5.4-12-12-12h-40c-6.6 0-12 5.4-12 12v40c0 6.6 5.4 12 12 12h40c6.6 0 12-5.4 12-12zm-96 0v-40c0-6.6-5.4-12-12-12h-40c-6.6 0-12 5.4-12 12v40c0 6.6 5.4 12 12 12h40c6.6 0 12-5.4 12-12zm192 0v-40c0-6.6-5.4-12-12-12h-40c-6.6 0-12 5.4-12 12v40c0 6.6 5.4 12 12 12h40c6.6 0 12-5.4 12-12zm96-260v352c0 26.5-21.5 48-48 48H48c-26.5 0-48-21.5-48-48V112c0-26.5 21.5-48 48-48h48V12c0-6.6 5.4-12 12-12h40c6.6 0 12 5.4 12 12v52h128V12c0-6.6 5.4-12 12-12h40c6.6 0 12 5.4 12 12v52h48c26.5 0 48 21.5 48 48zm-48 346V160H48v298c0 3.3 2.7 6 6 6h340c3.3 0 6-2.7 6-6z\"><\/path><\/svg>\t\t\t\t\t\t<\/span>\n\t\t\t\t\t\t\t\t\t\t<span class=\"elementor-icon-list-text\">9 Octobre 2025<\/span>\n\t\t\t\t\t\t\t\t\t<\/li>\n\t\t\t\t\t\t\t\t<li class=\"elementor-icon-list-item\">\n\t\t\t\t\t\t\t\t\t\t\t<span class=\"elementor-icon-list-icon\">\n\t\t\t\t\t\t\t<svg aria-hidden=\"true\" class=\"e-font-icon-svg e-far-calendar-alt\" viewBox=\"0 0 448 512\" xmlns=\"http:\/\/www.w3.org\/2000\/svg\"><path d=\"M148 288h-40c-6.6 0-12-5.4-12-12v-40c0-6.6 5.4-12 12-12h40c6.6 0 12 5.4 12 12v40c0 6.6-5.4 12-12 12zm108-12v-40c0-6.6-5.4-12-12-12h-40c-6.6 0-12 5.4-12 12v40c0 6.6 5.4 12 12 12h40c6.6 0 12-5.4 12-12zm96 0v-40c0-6.6-5.4-12-12-12h-40c-6.6 0-12 5.4-12 12v40c0 6.6 5.4 12 12 12h40c6.6 0 12-5.4 12-12zm-96 96v-40c0-6.6-5.4-12-12-12h-40c-6.6 0-12 5.4-12 12v40c0 6.6 5.4 12 12 12h40c6.6 0 12-5.4 12-12zm-96 0v-40c0-6.6-5.4-12-12-12h-40c-6.6 0-12 5.4-12 12v40c0 6.6 5.4 12 12 12h40c6.6 0 12-5.4 12-12zm192 0v-40c0-6.6-5.4-12-12-12h-40c-6.6 0-12 5.4-12 12v40c0 6.6 5.4 12 12 12h40c6.6 0 12-5.4 12-12zm96-260v352c0 26.5-21.5 48-48 48H48c-26.5 0-48-21.5-48-48V112c0-26.5 21.5-48 48-48h48V12c0-6.6 5.4-12 12-12h40c6.6 0 12 5.4 12 12v52h128V12c0-6.6 5.4-12 12-12h40c6.6 0 12 5.4 12 12v52h48c26.5 0 48 21.5 48 48zm-48 346V160H48v298c0 3.3 2.7 6 6 6h340c3.3 0 6-2.7 6-6z\"><\/path><\/svg>\t\t\t\t\t\t<\/span>\n\t\t\t\t\t\t\t\t\t\t<span class=\"elementor-icon-list-text\">22 Octobre 2025<\/span>\n\t\t\t\t\t\t\t\t\t<\/li>\n\t\t\t\t\t\t\t\t<li class=\"elementor-icon-list-item\">\n\t\t\t\t\t\t\t\t\t\t\t<span class=\"elementor-icon-list-icon\">\n\t\t\t\t\t\t\t<svg aria-hidden=\"true\" class=\"e-font-icon-svg e-fas-location-arrow\" viewBox=\"0 0 512 512\" xmlns=\"http:\/\/www.w3.org\/2000\/svg\"><path d=\"M444.52 3.52L28.74 195.42c-47.97 22.39-31.98 92.75 19.19 92.75h175.91v175.91c0 51.17 70.36 67.17 92.75 19.19l191.9-415.78c15.99-38.39-25.59-79.97-63.97-63.97z\"><\/path><\/svg>\t\t\t\t\t\t<\/span>\n\t\t\t\t\t\t\t\t\t\t<span class=\"elementor-icon-list-text\">La Biz'Art'Rit - 4 rue Pyr\u00e8ne 09000 Foix<\/span>\n\t\t\t\t\t\t\t\t\t<\/li>\n\t\t\t\t\t\t<\/ul>\n\t\t\t\t\t\t<\/div>\n\t\t\t\t<\/div>\n\t\t\t\t<\/div>\n\t\t\t\t\t<\/div>\n\t\t\t\t<\/div>\n\t\t\t\t<\/div>\n\t\t","protected":false},"excerpt":{"rendered":"<p>Cette exposition en partenariat avec le C.H.A.C, la M.D.A, l&rsquo;ARS ainsi que Loisirs Education Couserans\u00a0est le r\u00e9sultat d&rsquo;un s\u00e9jour de r\u00e9pit r\u00e9alis\u00e9 durant l&rsquo;\u00e9t\u00e9 2025. 11 jeunes issus du\u00a0 dispositif JADE (jeunes aidant) sont partis en s\u00e9jours de r\u00e9pit durant une semaine avec pour th\u00e9matique la d\u00e9couverte de la Photographie.\u00a0Cette exposition invite le regardeur \u00e0 d\u00e9couvrir la notion de r\u00e9pit \u00e0 travers l&rsquo;\u0153il de ses 11 jeunes.\u00a0<\/p>\n","protected":false},"author":8,"featured_media":2857,"comment_status":"closed","ping_status":"closed","sticky":false,"template":"","format":"standard","meta":{"_acf_changed":false,"footnotes":""},"categories":[6],"tags":[],"class_list":["post-2856","post","type-post","status-publish","format-standard","has-post-thumbnail","hentry","category-exposition"],"acf":[],"aioseo_notices":[],"aioseo_head":"\n\t\t<!-- All in One SEO 4.9.8 - aioseo.com -->\n\t<meta name=\"description\" content=\"Cette exposition en partenariat avec le C.H.A.C, la M.D.A, l\u2019ARS ainsi que Loisirs Education Couserans est le r\u00e9sultat d\u2019un s\u00e9jour de r\u00e9pit r\u00e9alis\u00e9 durant l\u2019\u00e9t\u00e9 2025. 11 jeunes issus du dispositif JADE (jeunes aidant) sont partis en s\u00e9jours de r\u00e9pit durant une semaine avec pour th\u00e9matique la d\u00e9couverte de la Photographie. Cette exposition invite le regardeur \u00e0\" \/>\n\t<meta name=\"robots\" content=\"max-image-preview:large\" \/>\n\t<meta name=\"author\" content=\"Cyril Pouil\"\/>\n\t<link rel=\"canonical\" href=\"https:\/\/www.bizartrit.com\/fr\/temps-de-pause-2025\/\" \/>\n\t<meta name=\"generator\" content=\"All in One SEO (AIOSEO) 4.9.8\" \/>\n\t\t<meta property=\"og:locale\" content=\"fr_FR\" \/>\n\t\t<meta property=\"og:site_name\" content=\"La Biz&#039;ART&#039;Rit - Association d&#039;art plastique et contemporain\" \/>\n\t\t<meta property=\"og:type\" content=\"article\" \/>\n\t\t<meta property=\"og:title\" content=\"Temps de Pause 2025 - La Biz&#039;ART&#039;Rit\" \/>\n\t\t<meta property=\"og:description\" content=\"Cette exposition en partenariat avec le C.H.A.C, la M.D.A, l\u2019ARS ainsi que Loisirs Education Couserans est le r\u00e9sultat d\u2019un s\u00e9jour de r\u00e9pit r\u00e9alis\u00e9 durant l\u2019\u00e9t\u00e9 2025. 11 jeunes issus du dispositif JADE (jeunes aidant) sont partis en s\u00e9jours de r\u00e9pit durant une semaine avec pour th\u00e9matique la d\u00e9couverte de la Photographie. Cette exposition invite le regardeur \u00e0\" \/>\n\t\t<meta property=\"og:url\" content=\"https:\/\/www.bizartrit.com\/fr\/temps-de-pause-2025\/\" \/>\n\t\t<meta property=\"og:image\" content=\"https:\/\/www.bizartrit.com\/fr\/wp-content\/uploads\/2025\/10\/Temps-de-pause-2025_1080x720.jpg\" \/>\n\t\t<meta property=\"og:image:secure_url\" content=\"https:\/\/www.bizartrit.com\/fr\/wp-content\/uploads\/2025\/10\/Temps-de-pause-2025_1080x720.jpg\" \/>\n\t\t<meta property=\"og:image:width\" content=\"1080\" \/>\n\t\t<meta property=\"og:image:height\" content=\"720\" \/>\n\t\t<meta property=\"article:published_time\" content=\"2025-10-09T17:18:29+00:00\" \/>\n\t\t<meta property=\"article:modified_time\" content=\"2025-10-09T17:31:12+00:00\" \/>\n\t\t<meta property=\"article:publisher\" content=\"https:\/\/www.facebook.com\/profile.php?id=100063620470128\" \/>\n\t\t<meta name=\"twitter:card\" content=\"summary_large_image\" \/>\n\t\t<meta name=\"twitter:title\" content=\"Temps de Pause 2025 - La Biz&#039;ART&#039;Rit\" \/>\n\t\t<meta name=\"twitter:description\" content=\"Cette exposition en partenariat avec le C.H.A.C, la M.D.A, l\u2019ARS ainsi que Loisirs Education Couserans est le r\u00e9sultat d\u2019un s\u00e9jour de r\u00e9pit r\u00e9alis\u00e9 durant l\u2019\u00e9t\u00e9 2025. 11 jeunes issus du dispositif JADE (jeunes aidant) sont partis en s\u00e9jours de r\u00e9pit durant une semaine avec pour th\u00e9matique la d\u00e9couverte de la Photographie. Cette exposition invite le regardeur \u00e0\" \/>\n\t\t<meta name=\"twitter:image\" content=\"https:\/\/www.bizartrit.com\/fr\/wp-content\/uploads\/2025\/10\/Temps-de-pause-2025_1080x720.jpg\" \/>\n\t\t<script type=\"application\/ld+json\" class=\"aioseo-schema\">\n\t\t\t{\"@context\":\"https:\\\/\\\/schema.org\",\"@graph\":[{\"@type\":\"BlogPosting\",\"@id\":\"https:\\\/\\\/www.bizartrit.com\\\/fr\\\/temps-de-pause-2025\\\/#blogposting\",\"name\":\"Temps de Pause 2025 - La Biz'ART'Rit\",\"headline\":\"Temps de Pause 2025\",\"author\":{\"@id\":\"https:\\\/\\\/www.bizartrit.com\\\/fr\\\/author\\\/cyril-biz\\\/#author\"},\"publisher\":{\"@id\":\"https:\\\/\\\/www.bizartrit.com\\\/fr\\\/#organization\"},\"image\":{\"@type\":\"ImageObject\",\"url\":\"https:\\\/\\\/www.bizartrit.com\\\/fr\\\/wp-content\\\/uploads\\\/2025\\\/10\\\/Temps-de-pause-2025_1080x720.jpg\",\"width\":1080,\"height\":720,\"caption\":\"Exposition Temps de Pause 2025\"},\"datePublished\":\"2025-10-09T19:18:29+02:00\",\"dateModified\":\"2025-10-09T19:31:12+02:00\",\"inLanguage\":\"fr-FR\",\"mainEntityOfPage\":{\"@id\":\"https:\\\/\\\/www.bizartrit.com\\\/fr\\\/temps-de-pause-2025\\\/#webpage\"},\"isPartOf\":{\"@id\":\"https:\\\/\\\/www.bizartrit.com\\\/fr\\\/temps-de-pause-2025\\\/#webpage\"},\"articleSection\":\"Exposition\"},{\"@type\":\"BreadcrumbList\",\"@id\":\"https:\\\/\\\/www.bizartrit.com\\\/fr\\\/temps-de-pause-2025\\\/#breadcrumblist\",\"itemListElement\":[{\"@type\":\"ListItem\",\"@id\":\"https:\\\/\\\/www.bizartrit.com\\\/fr#listItem\",\"position\":1,\"name\":\"Home\",\"item\":\"https:\\\/\\\/www.bizartrit.com\\\/fr\",\"nextItem\":{\"@type\":\"ListItem\",\"@id\":\"https:\\\/\\\/www.bizartrit.com\\\/fr\\\/category\\\/exposition\\\/#listItem\",\"name\":\"Exposition\"}},{\"@type\":\"ListItem\",\"@id\":\"https:\\\/\\\/www.bizartrit.com\\\/fr\\\/category\\\/exposition\\\/#listItem\",\"position\":2,\"name\":\"Exposition\",\"item\":\"https:\\\/\\\/www.bizartrit.com\\\/fr\\\/category\\\/exposition\\\/\",\"nextItem\":{\"@type\":\"ListItem\",\"@id\":\"https:\\\/\\\/www.bizartrit.com\\\/fr\\\/temps-de-pause-2025\\\/#listItem\",\"name\":\"Temps de Pause 2025\"},\"previousItem\":{\"@type\":\"ListItem\",\"@id\":\"https:\\\/\\\/www.bizartrit.com\\\/fr#listItem\",\"name\":\"Home\"}},{\"@type\":\"ListItem\",\"@id\":\"https:\\\/\\\/www.bizartrit.com\\\/fr\\\/temps-de-pause-2025\\\/#listItem\",\"position\":3,\"name\":\"Temps de Pause 2025\",\"previousItem\":{\"@type\":\"ListItem\",\"@id\":\"https:\\\/\\\/www.bizartrit.com\\\/fr\\\/category\\\/exposition\\\/#listItem\",\"name\":\"Exposition\"}}]},{\"@type\":\"Organization\",\"@id\":\"https:\\\/\\\/www.bizartrit.com\\\/fr\\\/#organization\",\"name\":\"La Biz'ART'Rit\",\"description\":\"Association d'art plastique et contemporain\",\"url\":\"https:\\\/\\\/www.bizartrit.com\\\/fr\\\/\",\"foundingDate\":\"2015-09-30\",\"logo\":{\"@type\":\"ImageObject\",\"url\":\"https:\\\/\\\/www.bizartrit.com\\\/fr\\\/wp-content\\\/uploads\\\/2024\\\/12\\\/cropped-logoentete.png\",\"@id\":\"https:\\\/\\\/www.bizartrit.com\\\/fr\\\/temps-de-pause-2025\\\/#organizationLogo\",\"width\":512,\"height\":512,\"caption\":\"Logo de la Biz'Art'Rit\"},\"image\":{\"@id\":\"https:\\\/\\\/www.bizartrit.com\\\/fr\\\/temps-de-pause-2025\\\/#organizationLogo\"},\"sameAs\":[\"https:\\\/\\\/www.facebook.com\\\/profile.php?id=100063620470128\",\"https:\\\/\\\/www.instagram.com\\\/la_bizartrit_\\\/\",\"https:\\\/\\\/www.youtube.com\\\/@associationlabizartrit9906\"]},{\"@type\":\"Person\",\"@id\":\"https:\\\/\\\/www.bizartrit.com\\\/fr\\\/author\\\/cyril-biz\\\/#author\",\"url\":\"https:\\\/\\\/www.bizartrit.com\\\/fr\\\/author\\\/cyril-biz\\\/\",\"name\":\"Cyril Pouil\",\"image\":{\"@type\":\"ImageObject\",\"@id\":\"https:\\\/\\\/www.bizartrit.com\\\/fr\\\/temps-de-pause-2025\\\/#authorImage\",\"url\":\"https:\\\/\\\/secure.gravatar.com\\\/avatar\\\/c1be86b625fa558ffe37006fe0061a583b58a0dda359fef29aebce5f1c6fdb17?s=96&d=blank&r=g\",\"width\":96,\"height\":96,\"caption\":\"Cyril Pouil\"}},{\"@type\":\"WebPage\",\"@id\":\"https:\\\/\\\/www.bizartrit.com\\\/fr\\\/temps-de-pause-2025\\\/#webpage\",\"url\":\"https:\\\/\\\/www.bizartrit.com\\\/fr\\\/temps-de-pause-2025\\\/\",\"name\":\"Temps de Pause 2025 - La Biz'ART'Rit\",\"description\":\"Cette exposition en partenariat avec le C.H.A.C, la M.D.A, l\\u2019ARS ainsi que Loisirs Education Couserans est le r\\u00e9sultat d\\u2019un s\\u00e9jour de r\\u00e9pit r\\u00e9alis\\u00e9 durant l\\u2019\\u00e9t\\u00e9 2025. 11 jeunes issus du dispositif JADE (jeunes aidant) sont partis en s\\u00e9jours de r\\u00e9pit durant une semaine avec pour th\\u00e9matique la d\\u00e9couverte de la Photographie. Cette exposition invite le regardeur \\u00e0\",\"inLanguage\":\"fr-FR\",\"isPartOf\":{\"@id\":\"https:\\\/\\\/www.bizartrit.com\\\/fr\\\/#website\"},\"breadcrumb\":{\"@id\":\"https:\\\/\\\/www.bizartrit.com\\\/fr\\\/temps-de-pause-2025\\\/#breadcrumblist\"},\"author\":{\"@id\":\"https:\\\/\\\/www.bizartrit.com\\\/fr\\\/author\\\/cyril-biz\\\/#author\"},\"creator\":{\"@id\":\"https:\\\/\\\/www.bizartrit.com\\\/fr\\\/author\\\/cyril-biz\\\/#author\"},\"image\":{\"@type\":\"ImageObject\",\"url\":\"https:\\\/\\\/www.bizartrit.com\\\/fr\\\/wp-content\\\/uploads\\\/2025\\\/10\\\/Temps-de-pause-2025_1080x720.jpg\",\"@id\":\"https:\\\/\\\/www.bizartrit.com\\\/fr\\\/temps-de-pause-2025\\\/#mainImage\",\"width\":1080,\"height\":720,\"caption\":\"Exposition Temps de Pause 2025\"},\"primaryImageOfPage\":{\"@id\":\"https:\\\/\\\/www.bizartrit.com\\\/fr\\\/temps-de-pause-2025\\\/#mainImage\"},\"datePublished\":\"2025-10-09T19:18:29+02:00\",\"dateModified\":\"2025-10-09T19:31:12+02:00\"},{\"@type\":\"WebSite\",\"@id\":\"https:\\\/\\\/www.bizartrit.com\\\/fr\\\/#website\",\"url\":\"https:\\\/\\\/www.bizartrit.com\\\/fr\\\/\",\"name\":\"La Biz'ART'Rit\",\"description\":\"Association d'art plastique et contemporain\",\"inLanguage\":\"fr-FR\",\"publisher\":{\"@id\":\"https:\\\/\\\/www.bizartrit.com\\\/fr\\\/#organization\"}}]}\n\t\t<\/script>\n\t\t<!-- All in One SEO -->\n\n","aioseo_head_json":{"title":"Temps de Pause 2025 - La Biz'ART'Rit","description":"Cette exposition en partenariat avec le C.H.A.C, la M.D.A, l\u2019ARS ainsi que Loisirs Education Couserans est le r\u00e9sultat d\u2019un s\u00e9jour de r\u00e9pit r\u00e9alis\u00e9 durant l\u2019\u00e9t\u00e9 2025. 11 jeunes issus du dispositif JADE (jeunes aidant) sont partis en s\u00e9jours de r\u00e9pit durant une semaine avec pour th\u00e9matique la d\u00e9couverte de la Photographie. Cette exposition invite le regardeur \u00e0","canonical_url":"https:\/\/www.bizartrit.com\/fr\/temps-de-pause-2025\/","robots":"max-image-preview:large","keywords":"","webmasterTools":{"miscellaneous":""},"schema":{"@context":"https:\/\/schema.org","@graph":[{"@type":"BlogPosting","@id":"https:\/\/www.bizartrit.com\/fr\/temps-de-pause-2025\/#blogposting","name":"Temps de Pause 2025 - La Biz'ART'Rit","headline":"Temps de Pause 2025","author":{"@id":"https:\/\/www.bizartrit.com\/fr\/author\/cyril-biz\/#author"},"publisher":{"@id":"https:\/\/www.bizartrit.com\/fr\/#organization"},"image":{"@type":"ImageObject","url":"https:\/\/www.bizartrit.com\/fr\/wp-content\/uploads\/2025\/10\/Temps-de-pause-2025_1080x720.jpg","width":1080,"height":720,"caption":"Exposition Temps de Pause 2025"},"datePublished":"2025-10-09T19:18:29+02:00","dateModified":"2025-10-09T19:31:12+02:00","inLanguage":"fr-FR","mainEntityOfPage":{"@id":"https:\/\/www.bizartrit.com\/fr\/temps-de-pause-2025\/#webpage"},"isPartOf":{"@id":"https:\/\/www.bizartrit.com\/fr\/temps-de-pause-2025\/#webpage"},"articleSection":"Exposition"},{"@type":"BreadcrumbList","@id":"https:\/\/www.bizartrit.com\/fr\/temps-de-pause-2025\/#breadcrumblist","itemListElement":[{"@type":"ListItem","@id":"https:\/\/www.bizartrit.com\/fr#listItem","position":1,"name":"Home","item":"https:\/\/www.bizartrit.com\/fr","nextItem":{"@type":"ListItem","@id":"https:\/\/www.bizartrit.com\/fr\/category\/exposition\/#listItem","name":"Exposition"}},{"@type":"ListItem","@id":"https:\/\/www.bizartrit.com\/fr\/category\/exposition\/#listItem","position":2,"name":"Exposition","item":"https:\/\/www.bizartrit.com\/fr\/category\/exposition\/","nextItem":{"@type":"ListItem","@id":"https:\/\/www.bizartrit.com\/fr\/temps-de-pause-2025\/#listItem","name":"Temps de Pause 2025"},"previousItem":{"@type":"ListItem","@id":"https:\/\/www.bizartrit.com\/fr#listItem","name":"Home"}},{"@type":"ListItem","@id":"https:\/\/www.bizartrit.com\/fr\/temps-de-pause-2025\/#listItem","position":3,"name":"Temps de Pause 2025","previousItem":{"@type":"ListItem","@id":"https:\/\/www.bizartrit.com\/fr\/category\/exposition\/#listItem","name":"Exposition"}}]},{"@type":"Organization","@id":"https:\/\/www.bizartrit.com\/fr\/#organization","name":"La Biz'ART'Rit","description":"Association d'art plastique et contemporain","url":"https:\/\/www.bizartrit.com\/fr\/","foundingDate":"2015-09-30","logo":{"@type":"ImageObject","url":"https:\/\/www.bizartrit.com\/fr\/wp-content\/uploads\/2024\/12\/cropped-logoentete.png","@id":"https:\/\/www.bizartrit.com\/fr\/temps-de-pause-2025\/#organizationLogo","width":512,"height":512,"caption":"Logo de la Biz'Art'Rit"},"image":{"@id":"https:\/\/www.bizartrit.com\/fr\/temps-de-pause-2025\/#organizationLogo"},"sameAs":["https:\/\/www.facebook.com\/profile.php?id=100063620470128","https:\/\/www.instagram.com\/la_bizartrit_\/","https:\/\/www.youtube.com\/@associationlabizartrit9906"]},{"@type":"Person","@id":"https:\/\/www.bizartrit.com\/fr\/author\/cyril-biz\/#author","url":"https:\/\/www.bizartrit.com\/fr\/author\/cyril-biz\/","name":"Cyril Pouil","image":{"@type":"ImageObject","@id":"https:\/\/www.bizartrit.com\/fr\/temps-de-pause-2025\/#authorImage","url":"https:\/\/secure.gravatar.com\/avatar\/c1be86b625fa558ffe37006fe0061a583b58a0dda359fef29aebce5f1c6fdb17?s=96&d=blank&r=g","width":96,"height":96,"caption":"Cyril Pouil"}},{"@type":"WebPage","@id":"https:\/\/www.bizartrit.com\/fr\/temps-de-pause-2025\/#webpage","url":"https:\/\/www.bizartrit.com\/fr\/temps-de-pause-2025\/","name":"Temps de Pause 2025 - La Biz'ART'Rit","description":"Cette exposition en partenariat avec le C.H.A.C, la M.D.A, l\u2019ARS ainsi que Loisirs Education Couserans est le r\u00e9sultat d\u2019un s\u00e9jour de r\u00e9pit r\u00e9alis\u00e9 durant l\u2019\u00e9t\u00e9 2025. 11 jeunes issus du dispositif JADE (jeunes aidant) sont partis en s\u00e9jours de r\u00e9pit durant une semaine avec pour th\u00e9matique la d\u00e9couverte de la Photographie. Cette exposition invite le regardeur \u00e0","inLanguage":"fr-FR","isPartOf":{"@id":"https:\/\/www.bizartrit.com\/fr\/#website"},"breadcrumb":{"@id":"https:\/\/www.bizartrit.com\/fr\/temps-de-pause-2025\/#breadcrumblist"},"author":{"@id":"https:\/\/www.bizartrit.com\/fr\/author\/cyril-biz\/#author"},"creator":{"@id":"https:\/\/www.bizartrit.com\/fr\/author\/cyril-biz\/#author"},"image":{"@type":"ImageObject","url":"https:\/\/www.bizartrit.com\/fr\/wp-content\/uploads\/2025\/10\/Temps-de-pause-2025_1080x720.jpg","@id":"https:\/\/www.bizartrit.com\/fr\/temps-de-pause-2025\/#mainImage","width":1080,"height":720,"caption":"Exposition Temps de Pause 2025"},"primaryImageOfPage":{"@id":"https:\/\/www.bizartrit.com\/fr\/temps-de-pause-2025\/#mainImage"},"datePublished":"2025-10-09T19:18:29+02:00","dateModified":"2025-10-09T19:31:12+02:00"},{"@type":"WebSite","@id":"https:\/\/www.bizartrit.com\/fr\/#website","url":"https:\/\/www.bizartrit.com\/fr\/","name":"La Biz'ART'Rit","description":"Association d'art plastique et contemporain","inLanguage":"fr-FR","publisher":{"@id":"https:\/\/www.bizartrit.com\/fr\/#organization"}}]},"og:locale":"fr_FR","og:site_name":"La Biz'ART'Rit - Association d'art plastique et contemporain","og:type":"article","og:title":"Temps de Pause 2025 - La Biz'ART'Rit","og:description":"Cette exposition en partenariat avec le C.H.A.C, la M.D.A, l\u2019ARS ainsi que Loisirs Education Couserans est le r\u00e9sultat d\u2019un s\u00e9jour de r\u00e9pit r\u00e9alis\u00e9 durant l\u2019\u00e9t\u00e9 2025. 11 jeunes issus du dispositif JADE (jeunes aidant) sont partis en s\u00e9jours de r\u00e9pit durant une semaine avec pour th\u00e9matique la d\u00e9couverte de la Photographie. Cette exposition invite le regardeur \u00e0","og:url":"https:\/\/www.bizartrit.com\/fr\/temps-de-pause-2025\/","og:image":"https:\/\/www.bizartrit.com\/fr\/wp-content\/uploads\/2025\/10\/Temps-de-pause-2025_1080x720.jpg","og:image:secure_url":"https:\/\/www.bizartrit.com\/fr\/wp-content\/uploads\/2025\/10\/Temps-de-pause-2025_1080x720.jpg","og:image:width":1080,"og:image:height":720,"article:published_time":"2025-10-09T17:18:29+00:00","article:modified_time":"2025-10-09T17:31:12+00:00","article:publisher":"https:\/\/www.facebook.com\/profile.php?id=100063620470128","twitter:card":"summary_large_image","twitter:title":"Temps de Pause 2025 - La Biz'ART'Rit","twitter:description":"Cette exposition en partenariat avec le C.H.A.C, la M.D.A, l\u2019ARS ainsi que Loisirs Education Couserans est le r\u00e9sultat d\u2019un s\u00e9jour de r\u00e9pit r\u00e9alis\u00e9 durant l\u2019\u00e9t\u00e9 2025. 11 jeunes issus du dispositif JADE (jeunes aidant) sont partis en s\u00e9jours de r\u00e9pit durant une semaine avec pour th\u00e9matique la d\u00e9couverte de la Photographie. Cette exposition invite le regardeur \u00e0","twitter:image":"https:\/\/www.bizartrit.com\/fr\/wp-content\/uploads\/2025\/10\/Temps-de-pause-2025_1080x720.jpg"},"aioseo_meta_data":{"post_id":"2856","title":null,"description":null,"keywords":null,"keyphrases":{"focus":{"keyphrase":"","score":0,"analysis":{"keyphraseInTitle":{"score":0,"maxScore":9,"error":1}}},"additional":[]},"primary_term":null,"canonical_url":null,"og_title":null,"og_description":null,"og_object_type":"default","og_image_type":"default","og_image_url":null,"og_image_width":null,"og_image_height":null,"og_image_custom_url":null,"og_image_custom_fields":null,"og_video":"","og_custom_url":null,"og_article_section":null,"og_article_tags":null,"twitter_use_og":false,"twitter_card":"default","twitter_image_type":"default","twitter_image_url":null,"twitter_image_custom_url":null,"twitter_image_custom_fields":null,"twitter_title":null,"twitter_description":null,"schema":{"blockGraphs":[],"customGraphs":[],"default":{"data":{"Article":[],"Course":[],"Dataset":[],"FAQPage":[],"Movie":[],"Person":[],"Product":[],"ProductReview":[],"Car":[],"Recipe":[],"Service":[],"SoftwareApplication":[],"WebPage":[]},"graphName":"BlogPosting","isEnabled":true},"graphs":[]},"schema_type":"default","schema_type_options":null,"pillar_content":false,"robots_default":true,"robots_noindex":false,"robots_noarchive":false,"robots_nosnippet":false,"robots_nofollow":false,"robots_noimageindex":false,"robots_noodp":false,"robots_notranslate":false,"robots_max_snippet":"-1","robots_max_videopreview":"-1","robots_max_imagepreview":"large","priority":null,"frequency":"default","local_seo":null,"breadcrumb_settings":null,"limit_modified_date":false,"ai":null,"created":"2025-10-09 17:18:31","updated":"2025-10-10 15:16:26","seo_analyzer_scan_date":null},"aioseo_breadcrumb":"<div class=\"aioseo-breadcrumbs\"><span class=\"aioseo-breadcrumb\">\n\t\t\t<a href=\"https:\/\/www.bizartrit.com\/fr\" title=\"Home\">Home<\/a>\n\t\t<\/span><span class=\"aioseo-breadcrumb-separator\">&raquo;<\/span><span class=\"aioseo-breadcrumb\">\n\t\t\t<a href=\"https:\/\/www.bizartrit.com\/fr\/category\/exposition\/\" title=\"Exposition\">Exposition<\/a>\n\t\t<\/span><span class=\"aioseo-breadcrumb-separator\">&raquo;<\/span><span class=\"aioseo-breadcrumb\">\n\t\t\tTemps de Pause 2025\n\t\t<\/span><\/div>","aioseo_breadcrumb_json":[{"label":"Home","link":"https:\/\/www.bizartrit.com\/fr"},{"label":"Exposition","link":"https:\/\/www.bizartrit.com\/fr\/category\/exposition\/"},{"label":"Temps de Pause 2025","link":"https:\/\/www.bizartrit.com\/fr\/temps-de-pause-2025\/"}],"_links":{"self":[{"href":"https:\/\/www.bizartrit.com\/fr\/wp-json\/wp\/v2\/posts\/2856","targetHints":{"allow":["GET"]}}],"collection":[{"href":"https:\/\/www.bizartrit.com\/fr\/wp-json\/wp\/v2\/posts"}],"about":[{"href":"https:\/\/www.bizartrit.com\/fr\/wp-json\/wp\/v2\/types\/post"}],"author":[{"embeddable":true,"href":"https:\/\/www.bizartrit.com\/fr\/wp-json\/wp\/v2\/users\/8"}],"replies":[{"embeddable":true,"href":"https:\/\/www.bizartrit.com\/fr\/wp-json\/wp\/v2\/comments?post=2856"}],"version-history":[{"count":7,"href":"https:\/\/www.bizartrit.com\/fr\/wp-json\/wp\/v2\/posts\/2856\/revisions"}],"predecessor-version":[{"id":2865,"href":"https:\/\/www.bizartrit.com\/fr\/wp-json\/wp\/v2\/posts\/2856\/revisions\/2865"}],"wp:featuredmedia":[{"embeddable":true,"href":"https:\/\/www.bizartrit.com\/fr\/wp-json\/wp\/v2\/media\/2857"}],"wp:attachment":[{"href":"https:\/\/www.bizartrit.com\/fr\/wp-json\/wp\/v2\/media?parent=2856"}],"wp:term":[{"taxonomy":"category","embeddable":true,"href":"https:\/\/www.bizartrit.com\/fr\/wp-json\/wp\/v2\/categories?post=2856"},{"taxonomy":"post_tag","embeddable":true,"href":"https:\/\/www.bizartrit.com\/fr\/wp-json\/wp\/v2\/tags?post=2856"}],"curies":[{"name":"wp","href":"https:\/\/api.w.org\/{rel}","templated":true}]}}