{"id":2192,"date":"2025-05-03T16:21:57","date_gmt":"2025-05-03T14:21:57","guid":{"rendered":"https:\/\/www.bizartrit.com\/fr\/?p=2192"},"modified":"2025-11-28T12:40:47","modified_gmt":"2025-11-28T11:40:47","slug":"vernissage-de-lexposition-x-les-10-ans-de-la-bizartrit","status":"publish","type":"post","link":"https:\/\/www.bizartrit.com\/fr\/vernissage-de-lexposition-x-les-10-ans-de-la-bizartrit\/","title":{"rendered":"Vernissage de l&rsquo;exposition \u00ab X \u00bb : les 10 ans de la Biz&rsquo;ART&rsquo;Rit"},"content":{"rendered":"<p class=\"attachment\"><a href='https:\/\/www.bizartrit.com\/fr\/wp-content\/uploads\/2025\/06\/vernissage_7.jpg'><img fetchpriority=\"high\" decoding=\"async\" width=\"300\" height=\"200\" src=\"https:\/\/www.bizartrit.com\/fr\/wp-content\/uploads\/2025\/06\/vernissage_7-300x200.jpg\" class=\"attachment-medium size-medium\" alt=\"Vernissage de l&#039;exposition \u00ab X \u00bb : les 10 ans de la Biz&#039;ART&#039;Rit\" srcset=\"https:\/\/www.bizartrit.com\/fr\/wp-content\/uploads\/2025\/06\/vernissage_7-300x200.jpg 300w, https:\/\/www.bizartrit.com\/fr\/wp-content\/uploads\/2025\/06\/vernissage_7-1024x683.jpg 1024w, https:\/\/www.bizartrit.com\/fr\/wp-content\/uploads\/2025\/06\/vernissage_7-768x512.jpg 768w, https:\/\/www.bizartrit.com\/fr\/wp-content\/uploads\/2025\/06\/vernissage_7-1536x1024.jpg 1536w, https:\/\/www.bizartrit.com\/fr\/wp-content\/uploads\/2025\/06\/vernissage_7.jpg 2048w\" sizes=\"(max-width: 300px) 100vw, 300px\" \/><\/a><\/p>\n\t\t<div data-elementor-type=\"wp-post\" data-elementor-id=\"2192\" class=\"elementor elementor-2192\" data-elementor-post-type=\"post\">\n\t\t\t\t<div class=\"elementor-element elementor-element-21e12b7 e-flex e-con-boxed wpr-particle-no wpr-jarallax-no wpr-parallax-no wpr-sticky-section-no wpr-column-slider-no wpr-equal-height-no e-con e-parent\" data-id=\"21e12b7\" data-element_type=\"container\" data-e-type=\"container\">\n\t\t\t\t\t<div class=\"e-con-inner\">\n\t\t\t\t<div class=\"elementor-element elementor-element-23fc718 elementor-widget elementor-widget-text-editor\" data-id=\"23fc718\" data-element_type=\"widget\" data-e-type=\"widget\" data-widget_type=\"text-editor.default\">\n\t\t\t\t<div class=\"elementor-widget-container\">\n\t\t\t\t\t\t\t\t\t<h2>Un grand merci<\/h2><ul><li>A <strong>vous toutes et tous<\/strong> d&rsquo;\u00eates venus si nombreux.ses<\/li><li>A <strong>David Rivas<\/strong> pour <strong>ces magnifiques photos<\/strong> <em>(que vous retrouverez un peu plus bas)<\/em><\/li><li>A la <strong>D\u00e9p\u00eache du Midi<\/strong> <a href=\"https:\/\/www.ladepeche.fr\/2025\/05\/06\/bizartrit-10-ans-de-creation-une-nouvelle-galerie-une-expo-anniversaire-12678763.php?fbclid=IwZXh0bgNhZW0CMTAAYnJpZBEwaTN4Qk5lc2lhU09WdjM0aAEejKDfjzbPldO4e9VBCnOxbp6iEdYhAQu_t1fgCGMiqy8ZzbkKoywjn2gb-3g_aem_qBtJ8X-ijpufY5CHUw4_RQ\" target=\"_blank\" rel=\"noopener\">de parler de nous<\/a><\/li><li>Et \u00e9galement \u00e0 <a href=\"https:\/\/toktoklab.fr\" target=\"_blank\" rel=\"noopener\">TokTok<\/a> de <strong>nous avoir r\u00e9gal\u00e9<\/strong> <em>une Foix de plus<\/em> avec <strong>son buffet d\u00e9tonnant<\/strong> !<\/li><\/ul><p>\u00a0<\/p><p><strong>Nous sommes ravis d&rsquo;avoir pu vous accueillir<\/strong> dans le cadre de <strong>l&rsquo;inauguration du nouvel espace de la Biz&rsquo;ART&rsquo;Rit<\/strong>, ainsi que des <strong>10 ans de l&rsquo;association<\/strong> !<\/p>\t\t\t\t\t\t\t\t<\/div>\n\t\t\t\t<\/div>\n\t\t\t\t<div class=\"elementor-element elementor-element-c73b7e1 wpr-grid-columns-3 wpr-grid-columns--tablet3 wpr-grid-columns--mobile1 elementor-widget elementor-widget-wpr-media-grid\" data-id=\"c73b7e1\" data-element_type=\"widget\" data-e-type=\"widget\" data-widget_type=\"wpr-media-grid.default\">\n\t\t\t\t<div class=\"elementor-widget-container\">\n\t\t\t\t\t<section class=\"wpr-grid wpr-media-grid elementor-clearfix\" data-settings=\"{&quot;layout&quot;:&quot;masonry&quot;,&quot;columns_desktop&quot;:&quot;3&quot;,&quot;gutter_hr&quot;:10,&quot;gutter_hr_mobile&quot;:10,&quot;gutter_hr_mobile_extra&quot;:10,&quot;gutter_hr_tablet&quot;:10,&quot;gutter_hr_tablet_extra&quot;:10,&quot;gutter_hr_laptop&quot;:10,&quot;gutter_hr_widescreen&quot;:10,&quot;gutter_vr&quot;:10,&quot;gutter_vr_mobile&quot;:10,&quot;gutter_vr_mobile_extra&quot;:10,&quot;gutter_vr_tablet&quot;:10,&quot;gutter_vr_tablet_extra&quot;:10,&quot;gutter_vr_laptop&quot;:10,&quot;gutter_vr_widescreen&quot;:10,&quot;animation&quot;:&quot;default&quot;,&quot;animation_duration&quot;:0.3,&quot;animation_delay&quot;:0.1,&quot;deeplinking&quot;:&quot;&quot;,&quot;filters_default_filter&quot;:&quot;&quot;,&quot;filters_linkable&quot;:&quot;no&quot;,&quot;filters_count&quot;:&quot;&quot;,&quot;filters_hide_empty&quot;:&quot;no&quot;,&quot;filters_animation&quot;:&quot;default&quot;,&quot;filters_animation_duration&quot;:0.3,&quot;filters_animation_delay&quot;:0.1,&quot;pagination_type&quot;:&quot;load-more&quot;,&quot;pagination_max_pages&quot;:1,&quot;lightbox&quot;:{&quot;selector&quot;:&quot;.wpr-grid-image-wrap&quot;,&quot;iframeMaxWidth&quot;:&quot;60%&quot;,&quot;hash&quot;:false,&quot;autoplay&quot;:&quot;&quot;,&quot;pause&quot;:5000,&quot;progressBar&quot;:&quot;&quot;,&quot;counter&quot;:&quot;&quot;,&quot;controls&quot;:&quot;&quot;,&quot;getCaptionFromTitleOrAlt&quot;:&quot;&quot;,&quot;thumbnail&quot;:&quot;&quot;,&quot;showThumbByDefault&quot;:&quot;&quot;,&quot;share&quot;:&quot;&quot;,&quot;zoom&quot;:&quot;true&quot;,&quot;fullScreen&quot;:&quot;true&quot;,&quot;download&quot;:&quot;true&quot;}}\"><article class=\"wpr-grid-item elementor-clearfix post-2193 attachment type-attachment status-inherit hentry\"><div class=\"wpr-grid-item-inner\"><div class=\"wpr-grid-media-wrap wpr-effect-size-small \"><div class=\"wpr-grid-image-wrap\" data-src=\"https:\/\/www.bizartrit.com\/fr\/wp-content\/uploads\/2025\/06\/buffet_toktok.jpg\"><img decoding=\"async\" src=\"https:\/\/www.bizartrit.com\/fr\/wp-content\/uploads\/2025\/06\/buffet_toktok.jpg\" alt=\"Vernissage de l&#039;exposition \u00ab X \u00bb : les 10 ans de la Biz&#039;ART&#039;Rit\" class=\"wpr-anim-timing-ease-default\"><\/div><div class=\"wpr-grid-media-hover wpr-animation-wrap\"><div class=\"wpr-grid-media-hover-bg  wpr-overlay-fade-in wpr-anim-size-large wpr-anim-timing-ease-default wpr-anim-transparency\" data-url=\"https:\/\/www.bizartrit.com\/fr\/vernissage-de-lexposition-x-les-10-ans-de-la-bizartrit\/buffet_toktok\/\"><\/div><div class=\"wpr-cv-container\"><div class=\"wpr-cv-outer\"><div class=\"wpr-cv-inner\"><div class=\"wpr-grid-media-hover-middle elementor-clearfix\"><div class=\"wpr-grid-item-lightbox elementor-repeater-item-a2da1f3 wpr-grid-item-display-block wpr-grid-item-align-center wpr-element-fade-in wpr-anim-size-large wpr-anim-timing-ease-default wpr-anim-transparency\"><div class=\"inner-block\"><span data-src=\"https:\/\/www.bizartrit.com\/fr\/wp-content\/uploads\/2025\/06\/buffet_toktok.jpg\"><i class=\"fas fa-search\"><\/i><\/span><div class=\"wpr-grid-lightbox-overlay\"><\/div><\/div><\/div><\/div><\/div><\/div><\/div><\/div><\/div><\/div><\/article><article class=\"wpr-grid-item elementor-clearfix post-2201 attachment type-attachment status-inherit hentry\"><div class=\"wpr-grid-item-inner\"><div class=\"wpr-grid-media-wrap wpr-effect-size-small \"><div class=\"wpr-grid-image-wrap\" data-src=\"https:\/\/www.bizartrit.com\/fr\/wp-content\/uploads\/2025\/06\/planches_toktok.jpg\"><img decoding=\"async\" src=\"https:\/\/www.bizartrit.com\/fr\/wp-content\/uploads\/2025\/06\/planches_toktok.jpg\" alt=\"Vernissage de l&#039;exposition \u00ab X \u00bb : les 10 ans de la Biz&#039;ART&#039;Rit\" class=\"wpr-anim-timing-ease-default\"><\/div><div class=\"wpr-grid-media-hover wpr-animation-wrap\"><div class=\"wpr-grid-media-hover-bg  wpr-overlay-fade-in wpr-anim-size-large wpr-anim-timing-ease-default wpr-anim-transparency\" data-url=\"https:\/\/www.bizartrit.com\/fr\/vernissage-de-lexposition-x-les-10-ans-de-la-bizartrit\/planches_toktok\/\"><\/div><div class=\"wpr-cv-container\"><div class=\"wpr-cv-outer\"><div class=\"wpr-cv-inner\"><div class=\"wpr-grid-media-hover-middle elementor-clearfix\"><div class=\"wpr-grid-item-lightbox elementor-repeater-item-a2da1f3 wpr-grid-item-display-block wpr-grid-item-align-center wpr-element-fade-in wpr-anim-size-large wpr-anim-timing-ease-default wpr-anim-transparency\"><div class=\"inner-block\"><span data-src=\"https:\/\/www.bizartrit.com\/fr\/wp-content\/uploads\/2025\/06\/planches_toktok.jpg\"><i class=\"fas fa-search\"><\/i><\/span><div class=\"wpr-grid-lightbox-overlay\"><\/div><\/div><\/div><\/div><\/div><\/div><\/div><\/div><\/div><\/div><\/article><article class=\"wpr-grid-item elementor-clearfix post-2195 attachment type-attachment status-inherit hentry\"><div class=\"wpr-grid-item-inner\"><div class=\"wpr-grid-media-wrap wpr-effect-size-small \"><div class=\"wpr-grid-image-wrap\" data-src=\"https:\/\/www.bizartrit.com\/fr\/wp-content\/uploads\/2025\/06\/discours.jpg\"><img decoding=\"async\" src=\"https:\/\/www.bizartrit.com\/fr\/wp-content\/uploads\/2025\/06\/discours.jpg\" alt=\"Vernissage de l&#039;exposition \u00ab X \u00bb : les 10 ans de la Biz&#039;ART&#039;Rit\" class=\"wpr-anim-timing-ease-default\"><\/div><div class=\"wpr-grid-media-hover wpr-animation-wrap\"><div class=\"wpr-grid-media-hover-bg  wpr-overlay-fade-in wpr-anim-size-large wpr-anim-timing-ease-default wpr-anim-transparency\" data-url=\"https:\/\/www.bizartrit.com\/fr\/vernissage-de-lexposition-x-les-10-ans-de-la-bizartrit\/discours\/\"><\/div><div class=\"wpr-cv-container\"><div class=\"wpr-cv-outer\"><div class=\"wpr-cv-inner\"><div class=\"wpr-grid-media-hover-middle elementor-clearfix\"><div class=\"wpr-grid-item-lightbox elementor-repeater-item-a2da1f3 wpr-grid-item-display-block wpr-grid-item-align-center wpr-element-fade-in wpr-anim-size-large wpr-anim-timing-ease-default wpr-anim-transparency\"><div class=\"inner-block\"><span data-src=\"https:\/\/www.bizartrit.com\/fr\/wp-content\/uploads\/2025\/06\/discours.jpg\"><i class=\"fas fa-search\"><\/i><\/span><div class=\"wpr-grid-lightbox-overlay\"><\/div><\/div><\/div><\/div><\/div><\/div><\/div><\/div><\/div><\/div><\/article><article class=\"wpr-grid-item elementor-clearfix post-2196 attachment type-attachment status-inherit hentry\"><div class=\"wpr-grid-item-inner\"><div class=\"wpr-grid-media-wrap wpr-effect-size-small \"><div class=\"wpr-grid-image-wrap\" data-src=\"https:\/\/www.bizartrit.com\/fr\/wp-content\/uploads\/2025\/06\/discours_2.jpg\"><img decoding=\"async\" src=\"https:\/\/www.bizartrit.com\/fr\/wp-content\/uploads\/2025\/06\/discours_2.jpg\" alt=\"Vernissage de l&#039;exposition \u00ab X \u00bb : les 10 ans de la Biz&#039;ART&#039;Rit\" class=\"wpr-anim-timing-ease-default\"><\/div><div class=\"wpr-grid-media-hover wpr-animation-wrap\"><div class=\"wpr-grid-media-hover-bg  wpr-overlay-fade-in wpr-anim-size-large wpr-anim-timing-ease-default wpr-anim-transparency\" data-url=\"https:\/\/www.bizartrit.com\/fr\/vernissage-de-lexposition-x-les-10-ans-de-la-bizartrit\/discours_2\/\"><\/div><div class=\"wpr-cv-container\"><div class=\"wpr-cv-outer\"><div class=\"wpr-cv-inner\"><div class=\"wpr-grid-media-hover-middle elementor-clearfix\"><div class=\"wpr-grid-item-lightbox elementor-repeater-item-a2da1f3 wpr-grid-item-display-block wpr-grid-item-align-center wpr-element-fade-in wpr-anim-size-large wpr-anim-timing-ease-default wpr-anim-transparency\"><div class=\"inner-block\"><span data-src=\"https:\/\/www.bizartrit.com\/fr\/wp-content\/uploads\/2025\/06\/discours_2.jpg\"><i class=\"fas fa-search\"><\/i><\/span><div class=\"wpr-grid-lightbox-overlay\"><\/div><\/div><\/div><\/div><\/div><\/div><\/div><\/div><\/div><\/div><\/article><article class=\"wpr-grid-item elementor-clearfix post-2197 attachment type-attachment status-inherit hentry\"><div class=\"wpr-grid-item-inner\"><div class=\"wpr-grid-media-wrap wpr-effect-size-small \"><div class=\"wpr-grid-image-wrap\" data-src=\"https:\/\/www.bizartrit.com\/fr\/wp-content\/uploads\/2025\/06\/discours_david.jpg\"><img decoding=\"async\" src=\"https:\/\/www.bizartrit.com\/fr\/wp-content\/uploads\/2025\/06\/discours_david.jpg\" alt=\"Vernissage de l&#039;exposition \u00ab X \u00bb : les 10 ans de la Biz&#039;ART&#039;Rit\" class=\"wpr-anim-timing-ease-default\"><\/div><div class=\"wpr-grid-media-hover wpr-animation-wrap\"><div class=\"wpr-grid-media-hover-bg  wpr-overlay-fade-in wpr-anim-size-large wpr-anim-timing-ease-default wpr-anim-transparency\" data-url=\"https:\/\/www.bizartrit.com\/fr\/vernissage-de-lexposition-x-les-10-ans-de-la-bizartrit\/discours_david\/\"><\/div><div class=\"wpr-cv-container\"><div class=\"wpr-cv-outer\"><div class=\"wpr-cv-inner\"><div class=\"wpr-grid-media-hover-middle elementor-clearfix\"><div class=\"wpr-grid-item-lightbox elementor-repeater-item-a2da1f3 wpr-grid-item-display-block wpr-grid-item-align-center wpr-element-fade-in wpr-anim-size-large wpr-anim-timing-ease-default wpr-anim-transparency\"><div class=\"inner-block\"><span data-src=\"https:\/\/www.bizartrit.com\/fr\/wp-content\/uploads\/2025\/06\/discours_david.jpg\"><i class=\"fas fa-search\"><\/i><\/span><div class=\"wpr-grid-lightbox-overlay\"><\/div><\/div><\/div><\/div><\/div><\/div><\/div><\/div><\/div><\/div><\/article><article class=\"wpr-grid-item elementor-clearfix post-2198 attachment type-attachment status-inherit hentry\"><div class=\"wpr-grid-item-inner\"><div class=\"wpr-grid-media-wrap wpr-effect-size-small \"><div class=\"wpr-grid-image-wrap\" data-src=\"https:\/\/www.bizartrit.com\/fr\/wp-content\/uploads\/2025\/06\/discours_fred.jpg\"><img decoding=\"async\" src=\"https:\/\/www.bizartrit.com\/fr\/wp-content\/uploads\/2025\/06\/discours_fred.jpg\" alt=\"Vernissage de l&#039;exposition \u00ab X \u00bb : les 10 ans de la Biz&#039;ART&#039;Rit\" class=\"wpr-anim-timing-ease-default\"><\/div><div class=\"wpr-grid-media-hover wpr-animation-wrap\"><div class=\"wpr-grid-media-hover-bg  wpr-overlay-fade-in wpr-anim-size-large wpr-anim-timing-ease-default wpr-anim-transparency\" data-url=\"https:\/\/www.bizartrit.com\/fr\/vernissage-de-lexposition-x-les-10-ans-de-la-bizartrit\/discours_fred\/\"><\/div><div class=\"wpr-cv-container\"><div class=\"wpr-cv-outer\"><div class=\"wpr-cv-inner\"><div class=\"wpr-grid-media-hover-middle elementor-clearfix\"><div class=\"wpr-grid-item-lightbox elementor-repeater-item-a2da1f3 wpr-grid-item-display-block wpr-grid-item-align-center wpr-element-fade-in wpr-anim-size-large wpr-anim-timing-ease-default wpr-anim-transparency\"><div class=\"inner-block\"><span data-src=\"https:\/\/www.bizartrit.com\/fr\/wp-content\/uploads\/2025\/06\/discours_fred.jpg\"><i class=\"fas fa-search\"><\/i><\/span><div class=\"wpr-grid-lightbox-overlay\"><\/div><\/div><\/div><\/div><\/div><\/div><\/div><\/div><\/div><\/div><\/article><article class=\"wpr-grid-item elementor-clearfix post-2199 attachment type-attachment status-inherit hentry\"><div class=\"wpr-grid-item-inner\"><div class=\"wpr-grid-media-wrap wpr-effect-size-small \"><div class=\"wpr-grid-image-wrap\" data-src=\"https:\/\/www.bizartrit.com\/fr\/wp-content\/uploads\/2025\/06\/discours_loic.jpg\"><img decoding=\"async\" src=\"https:\/\/www.bizartrit.com\/fr\/wp-content\/uploads\/2025\/06\/discours_loic.jpg\" alt=\"Vernissage de l&#039;exposition \u00ab X \u00bb : les 10 ans de la Biz&#039;ART&#039;Rit\" class=\"wpr-anim-timing-ease-default\"><\/div><div class=\"wpr-grid-media-hover wpr-animation-wrap\"><div class=\"wpr-grid-media-hover-bg  wpr-overlay-fade-in wpr-anim-size-large wpr-anim-timing-ease-default wpr-anim-transparency\" data-url=\"https:\/\/www.bizartrit.com\/fr\/vernissage-de-lexposition-x-les-10-ans-de-la-bizartrit\/discours_loic\/\"><\/div><div class=\"wpr-cv-container\"><div class=\"wpr-cv-outer\"><div class=\"wpr-cv-inner\"><div class=\"wpr-grid-media-hover-middle elementor-clearfix\"><div class=\"wpr-grid-item-lightbox elementor-repeater-item-a2da1f3 wpr-grid-item-display-block wpr-grid-item-align-center wpr-element-fade-in wpr-anim-size-large wpr-anim-timing-ease-default wpr-anim-transparency\"><div class=\"inner-block\"><span data-src=\"https:\/\/www.bizartrit.com\/fr\/wp-content\/uploads\/2025\/06\/discours_loic.jpg\"><i class=\"fas fa-search\"><\/i><\/span><div class=\"wpr-grid-lightbox-overlay\"><\/div><\/div><\/div><\/div><\/div><\/div><\/div><\/div><\/div><\/div><\/article><article class=\"wpr-grid-item elementor-clearfix post-2200 attachment type-attachment status-inherit hentry\"><div class=\"wpr-grid-item-inner\"><div class=\"wpr-grid-media-wrap wpr-effect-size-small \"><div class=\"wpr-grid-image-wrap\" data-src=\"https:\/\/www.bizartrit.com\/fr\/wp-content\/uploads\/2025\/06\/foule.jpg\"><img decoding=\"async\" src=\"https:\/\/www.bizartrit.com\/fr\/wp-content\/uploads\/2025\/06\/foule.jpg\" alt=\"Vernissage de l&#039;exposition \u00ab X \u00bb : les 10 ans de la Biz&#039;ART&#039;Rit\" class=\"wpr-anim-timing-ease-default\"><\/div><div class=\"wpr-grid-media-hover wpr-animation-wrap\"><div class=\"wpr-grid-media-hover-bg  wpr-overlay-fade-in wpr-anim-size-large wpr-anim-timing-ease-default wpr-anim-transparency\" data-url=\"https:\/\/www.bizartrit.com\/fr\/vernissage-de-lexposition-x-les-10-ans-de-la-bizartrit\/foule\/\"><\/div><div class=\"wpr-cv-container\"><div class=\"wpr-cv-outer\"><div class=\"wpr-cv-inner\"><div class=\"wpr-grid-media-hover-middle elementor-clearfix\"><div class=\"wpr-grid-item-lightbox elementor-repeater-item-a2da1f3 wpr-grid-item-display-block wpr-grid-item-align-center wpr-element-fade-in wpr-anim-size-large wpr-anim-timing-ease-default wpr-anim-transparency\"><div class=\"inner-block\"><span data-src=\"https:\/\/www.bizartrit.com\/fr\/wp-content\/uploads\/2025\/06\/foule.jpg\"><i class=\"fas fa-search\"><\/i><\/span><div class=\"wpr-grid-lightbox-overlay\"><\/div><\/div><\/div><\/div><\/div><\/div><\/div><\/div><\/div><\/div><\/article><article class=\"wpr-grid-item elementor-clearfix post-2194 attachment type-attachment status-inherit hentry\"><div class=\"wpr-grid-item-inner\"><div class=\"wpr-grid-media-wrap wpr-effect-size-small \"><div class=\"wpr-grid-image-wrap\" data-src=\"https:\/\/www.bizartrit.com\/fr\/wp-content\/uploads\/2025\/06\/vernissage.jpg\"><img decoding=\"async\" src=\"https:\/\/www.bizartrit.com\/fr\/wp-content\/uploads\/2025\/06\/vernissage.jpg\" alt=\"Vernissage de l&#039;exposition \u00ab X \u00bb : les 10 ans de la Biz&#039;ART&#039;Rit\" class=\"wpr-anim-timing-ease-default\"><\/div><div class=\"wpr-grid-media-hover wpr-animation-wrap\"><div class=\"wpr-grid-media-hover-bg  wpr-overlay-fade-in wpr-anim-size-large wpr-anim-timing-ease-default wpr-anim-transparency\" data-url=\"https:\/\/www.bizartrit.com\/fr\/vernissage-de-lexposition-x-les-10-ans-de-la-bizartrit\/vernissage\/\"><\/div><div class=\"wpr-cv-container\"><div class=\"wpr-cv-outer\"><div class=\"wpr-cv-inner\"><div class=\"wpr-grid-media-hover-middle elementor-clearfix\"><div class=\"wpr-grid-item-lightbox elementor-repeater-item-a2da1f3 wpr-grid-item-display-block wpr-grid-item-align-center wpr-element-fade-in wpr-anim-size-large wpr-anim-timing-ease-default wpr-anim-transparency\"><div class=\"inner-block\"><span data-src=\"https:\/\/www.bizartrit.com\/fr\/wp-content\/uploads\/2025\/06\/vernissage.jpg\"><i class=\"fas fa-search\"><\/i><\/span><div class=\"wpr-grid-lightbox-overlay\"><\/div><\/div><\/div><\/div><\/div><\/div><\/div><\/div><\/div><\/div><\/article><article class=\"wpr-grid-item elementor-clearfix post-2202 attachment type-attachment status-inherit hentry\"><div class=\"wpr-grid-item-inner\"><div class=\"wpr-grid-media-wrap wpr-effect-size-small \"><div class=\"wpr-grid-image-wrap\" data-src=\"https:\/\/www.bizartrit.com\/fr\/wp-content\/uploads\/2025\/06\/vernissage_2.jpg\"><img decoding=\"async\" src=\"https:\/\/www.bizartrit.com\/fr\/wp-content\/uploads\/2025\/06\/vernissage_2.jpg\" alt=\"Vernissage de l&#039;exposition \u00ab X \u00bb : les 10 ans de la Biz&#039;ART&#039;Rit\" class=\"wpr-anim-timing-ease-default\"><\/div><div class=\"wpr-grid-media-hover wpr-animation-wrap\"><div class=\"wpr-grid-media-hover-bg  wpr-overlay-fade-in wpr-anim-size-large wpr-anim-timing-ease-default wpr-anim-transparency\" data-url=\"https:\/\/www.bizartrit.com\/fr\/vernissage-de-lexposition-x-les-10-ans-de-la-bizartrit\/vernissage_2\/\"><\/div><div class=\"wpr-cv-container\"><div class=\"wpr-cv-outer\"><div class=\"wpr-cv-inner\"><div class=\"wpr-grid-media-hover-middle elementor-clearfix\"><div class=\"wpr-grid-item-lightbox elementor-repeater-item-a2da1f3 wpr-grid-item-display-block wpr-grid-item-align-center wpr-element-fade-in wpr-anim-size-large wpr-anim-timing-ease-default wpr-anim-transparency\"><div class=\"inner-block\"><span data-src=\"https:\/\/www.bizartrit.com\/fr\/wp-content\/uploads\/2025\/06\/vernissage_2.jpg\"><i class=\"fas fa-search\"><\/i><\/span><div class=\"wpr-grid-lightbox-overlay\"><\/div><\/div><\/div><\/div><\/div><\/div><\/div><\/div><\/div><\/div><\/article><article class=\"wpr-grid-item elementor-clearfix post-2203 attachment type-attachment status-inherit hentry\"><div class=\"wpr-grid-item-inner\"><div class=\"wpr-grid-media-wrap wpr-effect-size-small \"><div class=\"wpr-grid-image-wrap\" data-src=\"https:\/\/www.bizartrit.com\/fr\/wp-content\/uploads\/2025\/06\/vernissage_3.jpg\"><img decoding=\"async\" src=\"https:\/\/www.bizartrit.com\/fr\/wp-content\/uploads\/2025\/06\/vernissage_3.jpg\" alt=\"Vernissage de l&#039;exposition \u00ab X \u00bb : les 10 ans de la Biz&#039;ART&#039;Rit\" class=\"wpr-anim-timing-ease-default\"><\/div><div class=\"wpr-grid-media-hover wpr-animation-wrap\"><div class=\"wpr-grid-media-hover-bg  wpr-overlay-fade-in wpr-anim-size-large wpr-anim-timing-ease-default wpr-anim-transparency\" data-url=\"https:\/\/www.bizartrit.com\/fr\/vernissage-de-lexposition-x-les-10-ans-de-la-bizartrit\/vernissage_3\/\"><\/div><div class=\"wpr-cv-container\"><div class=\"wpr-cv-outer\"><div class=\"wpr-cv-inner\"><div class=\"wpr-grid-media-hover-middle elementor-clearfix\"><div class=\"wpr-grid-item-lightbox elementor-repeater-item-a2da1f3 wpr-grid-item-display-block wpr-grid-item-align-center wpr-element-fade-in wpr-anim-size-large wpr-anim-timing-ease-default wpr-anim-transparency\"><div class=\"inner-block\"><span data-src=\"https:\/\/www.bizartrit.com\/fr\/wp-content\/uploads\/2025\/06\/vernissage_3.jpg\"><i class=\"fas fa-search\"><\/i><\/span><div class=\"wpr-grid-lightbox-overlay\"><\/div><\/div><\/div><\/div><\/div><\/div><\/div><\/div><\/div><\/div><\/article><article class=\"wpr-grid-item elementor-clearfix post-2204 attachment type-attachment status-inherit hentry\"><div class=\"wpr-grid-item-inner\"><div class=\"wpr-grid-media-wrap wpr-effect-size-small \"><div class=\"wpr-grid-image-wrap\" data-src=\"https:\/\/www.bizartrit.com\/fr\/wp-content\/uploads\/2025\/06\/vernissage_4.jpg\"><img decoding=\"async\" src=\"https:\/\/www.bizartrit.com\/fr\/wp-content\/uploads\/2025\/06\/vernissage_4.jpg\" alt=\"Vernissage de l&#039;exposition \u00ab X \u00bb : les 10 ans de la Biz&#039;ART&#039;Rit\" class=\"wpr-anim-timing-ease-default\"><\/div><div class=\"wpr-grid-media-hover wpr-animation-wrap\"><div class=\"wpr-grid-media-hover-bg  wpr-overlay-fade-in wpr-anim-size-large wpr-anim-timing-ease-default wpr-anim-transparency\" data-url=\"https:\/\/www.bizartrit.com\/fr\/vernissage-de-lexposition-x-les-10-ans-de-la-bizartrit\/vernissage_4\/\"><\/div><div class=\"wpr-cv-container\"><div class=\"wpr-cv-outer\"><div class=\"wpr-cv-inner\"><div class=\"wpr-grid-media-hover-middle elementor-clearfix\"><div class=\"wpr-grid-item-lightbox elementor-repeater-item-a2da1f3 wpr-grid-item-display-block wpr-grid-item-align-center wpr-element-fade-in wpr-anim-size-large wpr-anim-timing-ease-default wpr-anim-transparency\"><div class=\"inner-block\"><span data-src=\"https:\/\/www.bizartrit.com\/fr\/wp-content\/uploads\/2025\/06\/vernissage_4.jpg\"><i class=\"fas fa-search\"><\/i><\/span><div class=\"wpr-grid-lightbox-overlay\"><\/div><\/div><\/div><\/div><\/div><\/div><\/div><\/div><\/div><\/div><\/article><article class=\"wpr-grid-item elementor-clearfix post-2205 attachment type-attachment status-inherit hentry\"><div class=\"wpr-grid-item-inner\"><div class=\"wpr-grid-media-wrap wpr-effect-size-small \"><div class=\"wpr-grid-image-wrap\" data-src=\"https:\/\/www.bizartrit.com\/fr\/wp-content\/uploads\/2025\/06\/vernissage_5.jpg\"><img decoding=\"async\" src=\"https:\/\/www.bizartrit.com\/fr\/wp-content\/uploads\/2025\/06\/vernissage_5.jpg\" alt=\"Vernissage de l&#039;exposition \u00ab X \u00bb : les 10 ans de la Biz&#039;ART&#039;Rit\" class=\"wpr-anim-timing-ease-default\"><\/div><div class=\"wpr-grid-media-hover wpr-animation-wrap\"><div class=\"wpr-grid-media-hover-bg  wpr-overlay-fade-in wpr-anim-size-large wpr-anim-timing-ease-default wpr-anim-transparency\" data-url=\"https:\/\/www.bizartrit.com\/fr\/vernissage-de-lexposition-x-les-10-ans-de-la-bizartrit\/vernissage_5\/\"><\/div><div class=\"wpr-cv-container\"><div class=\"wpr-cv-outer\"><div class=\"wpr-cv-inner\"><div class=\"wpr-grid-media-hover-middle elementor-clearfix\"><div class=\"wpr-grid-item-lightbox elementor-repeater-item-a2da1f3 wpr-grid-item-display-block wpr-grid-item-align-center wpr-element-fade-in wpr-anim-size-large wpr-anim-timing-ease-default wpr-anim-transparency\"><div class=\"inner-block\"><span data-src=\"https:\/\/www.bizartrit.com\/fr\/wp-content\/uploads\/2025\/06\/vernissage_5.jpg\"><i class=\"fas fa-search\"><\/i><\/span><div class=\"wpr-grid-lightbox-overlay\"><\/div><\/div><\/div><\/div><\/div><\/div><\/div><\/div><\/div><\/div><\/article><article class=\"wpr-grid-item elementor-clearfix post-2206 attachment type-attachment status-inherit hentry\"><div class=\"wpr-grid-item-inner\"><div class=\"wpr-grid-media-wrap wpr-effect-size-small \"><div class=\"wpr-grid-image-wrap\" data-src=\"https:\/\/www.bizartrit.com\/fr\/wp-content\/uploads\/2025\/06\/vernissage_6.jpg\"><img decoding=\"async\" src=\"https:\/\/www.bizartrit.com\/fr\/wp-content\/uploads\/2025\/06\/vernissage_6.jpg\" alt=\"Vernissage de l&#039;exposition \u00ab X \u00bb : les 10 ans de la Biz&#039;ART&#039;Rit\" class=\"wpr-anim-timing-ease-default\"><\/div><div class=\"wpr-grid-media-hover wpr-animation-wrap\"><div class=\"wpr-grid-media-hover-bg  wpr-overlay-fade-in wpr-anim-size-large wpr-anim-timing-ease-default wpr-anim-transparency\" data-url=\"https:\/\/www.bizartrit.com\/fr\/vernissage-de-lexposition-x-les-10-ans-de-la-bizartrit\/vernissage_6\/\"><\/div><div class=\"wpr-cv-container\"><div class=\"wpr-cv-outer\"><div class=\"wpr-cv-inner\"><div class=\"wpr-grid-media-hover-middle elementor-clearfix\"><div class=\"wpr-grid-item-lightbox elementor-repeater-item-a2da1f3 wpr-grid-item-display-block wpr-grid-item-align-center wpr-element-fade-in wpr-anim-size-large wpr-anim-timing-ease-default wpr-anim-transparency\"><div class=\"inner-block\"><span data-src=\"https:\/\/www.bizartrit.com\/fr\/wp-content\/uploads\/2025\/06\/vernissage_6.jpg\"><i class=\"fas fa-search\"><\/i><\/span><div class=\"wpr-grid-lightbox-overlay\"><\/div><\/div><\/div><\/div><\/div><\/div><\/div><\/div><\/div><\/div><\/article><article class=\"wpr-grid-item elementor-clearfix post-2207 attachment type-attachment status-inherit hentry\"><div class=\"wpr-grid-item-inner\"><div class=\"wpr-grid-media-wrap wpr-effect-size-small \"><div class=\"wpr-grid-image-wrap\" data-src=\"https:\/\/www.bizartrit.com\/fr\/wp-content\/uploads\/2025\/06\/vernissage_7.jpg\"><img decoding=\"async\" src=\"https:\/\/www.bizartrit.com\/fr\/wp-content\/uploads\/2025\/06\/vernissage_7.jpg\" alt=\"Vernissage de l&#039;exposition \u00ab X \u00bb : les 10 ans de la Biz&#039;ART&#039;Rit\" class=\"wpr-anim-timing-ease-default\"><\/div><div class=\"wpr-grid-media-hover wpr-animation-wrap\"><div class=\"wpr-grid-media-hover-bg  wpr-overlay-fade-in wpr-anim-size-large wpr-anim-timing-ease-default wpr-anim-transparency\" data-url=\"https:\/\/www.bizartrit.com\/fr\/vernissage-de-lexposition-x-les-10-ans-de-la-bizartrit\/vernissage_7\/\"><\/div><div class=\"wpr-cv-container\"><div class=\"wpr-cv-outer\"><div class=\"wpr-cv-inner\"><div class=\"wpr-grid-media-hover-middle elementor-clearfix\"><div class=\"wpr-grid-item-lightbox elementor-repeater-item-a2da1f3 wpr-grid-item-display-block wpr-grid-item-align-center wpr-element-fade-in wpr-anim-size-large wpr-anim-timing-ease-default wpr-anim-transparency\"><div class=\"inner-block\"><span data-src=\"https:\/\/www.bizartrit.com\/fr\/wp-content\/uploads\/2025\/06\/vernissage_7.jpg\"><i class=\"fas fa-search\"><\/i><\/span><div class=\"wpr-grid-lightbox-overlay\"><\/div><\/div><\/div><\/div><\/div><\/div><\/div><\/div><\/div><\/div><\/article><\/section>\t\t\t\t<\/div>\n\t\t\t\t<\/div>\n\t\t\t\t\t<\/div>\n\t\t\t\t<\/div>\n\t\t\t\t<\/div>\n\t\t","protected":false},"excerpt":{"rendered":"<p>Un grand merci A vous toutes et tous d&rsquo;\u00eates venus si nombreux.ses A David Rivas pour ces magnifiques photos (que vous retrouverez un peu plus bas) A la D\u00e9p\u00eache du Midi de parler de nous Et \u00e9galement \u00e0 TokTok de nous avoir r\u00e9gal\u00e9 une Foix de plus avec son buffet d\u00e9tonnant ! \u00a0 Nous sommes ravis d&rsquo;avoir pu vous accueillir dans le cadre de l&rsquo;inauguration du nouvel espace de la Biz&rsquo;ART&rsquo;Rit, ainsi que des 10 ans de l&rsquo;association !<\/p>\n","protected":false},"author":8,"featured_media":2206,"comment_status":"closed","ping_status":"closed","sticky":false,"template":"","format":"standard","meta":{"_acf_changed":false,"footnotes":""},"categories":[7,6],"tags":[],"class_list":["post-2192","post","type-post","status-publish","format-standard","has-post-thumbnail","hentry","category-actualites","category-exposition"],"acf":[],"aioseo_notices":[],"aioseo_head":"\n\t\t<!-- All in One SEO 4.9.8 - aioseo.com -->\n\t<meta name=\"description\" content=\"Vernissage de l&#039;exposition \u00ab X \u00bb : les 10 ans de la Biz&#039;ART&#039;Rit\" \/>\n\t<meta name=\"robots\" content=\"max-image-preview:large\" \/>\n\t<meta name=\"author\" content=\"Cyril Pouil\"\/>\n\t<link rel=\"canonical\" href=\"https:\/\/www.bizartrit.com\/fr\/vernissage-de-lexposition-x-les-10-ans-de-la-bizartrit\/vernissage_7\/\" \/>\n\t<meta name=\"generator\" content=\"All in One SEO (AIOSEO) 4.9.8\" \/>\n\t\t<meta property=\"og:locale\" content=\"fr_FR\" \/>\n\t\t<meta property=\"og:site_name\" content=\"La Biz&#039;ART&#039;Rit - Association d&#039;art plastique et contemporain\" \/>\n\t\t<meta property=\"og:type\" content=\"article\" \/>\n\t\t<meta property=\"og:title\" content=\"Vernissage de l\u2019exposition \u00ab X \u00bb : les 10 ans de la Biz\u2019ART\u2019Rit - La Biz&#039;ART&#039;Rit\" \/>\n\t\t<meta property=\"og:description\" content=\"Vernissage de l&#039;exposition \u00ab X \u00bb : les 10 ans de la Biz&#039;ART&#039;Rit\" \/>\n\t\t<meta property=\"og:url\" content=\"https:\/\/www.bizartrit.com\/fr\/vernissage-de-lexposition-x-les-10-ans-de-la-bizartrit\/vernissage_7\/\" \/>\n\t\t<meta property=\"og:image\" content=\"https:\/\/www.bizartrit.com\/fr\/wp-content\/uploads\/2016\/10\/logo-blanc.png\" \/>\n\t\t<meta property=\"og:image:secure_url\" content=\"https:\/\/www.bizartrit.com\/fr\/wp-content\/uploads\/2016\/10\/logo-blanc.png\" \/>\n\t\t<meta property=\"article:published_time\" content=\"2025-06-28T14:18:47+00:00\" \/>\n\t\t<meta property=\"article:modified_time\" content=\"2025-06-28T14:19:18+00:00\" \/>\n\t\t<meta property=\"article:publisher\" content=\"https:\/\/www.facebook.com\/profile.php?id=100063620470128\" \/>\n\t\t<meta name=\"twitter:card\" content=\"summary_large_image\" \/>\n\t\t<meta name=\"twitter:title\" content=\"Vernissage de l\u2019exposition \u00ab X \u00bb : les 10 ans de la Biz\u2019ART\u2019Rit - La Biz&#039;ART&#039;Rit\" \/>\n\t\t<meta name=\"twitter:description\" content=\"Vernissage de l&#039;exposition \u00ab X \u00bb : les 10 ans de la Biz&#039;ART&#039;Rit\" \/>\n\t\t<meta name=\"twitter:image\" content=\"https:\/\/www.bizartrit.com\/fr\/wp-content\/uploads\/2016\/10\/logo-blanc.png\" \/>\n\t\t<script type=\"application\/ld+json\" class=\"aioseo-schema\">\n\t\t\t{\"@context\":\"https:\\\/\\\/schema.org\",\"@graph\":[{\"@type\":\"BreadcrumbList\",\"@id\":\"https:\\\/\\\/www.bizartrit.com\\\/fr\\\/vernissage-de-lexposition-x-les-10-ans-de-la-bizartrit\\\/vernissage_7\\\/#breadcrumblist\",\"itemListElement\":[{\"@type\":\"ListItem\",\"@id\":\"https:\\\/\\\/www.bizartrit.com\\\/fr#listItem\",\"position\":1,\"name\":\"Home\",\"item\":\"https:\\\/\\\/www.bizartrit.com\\\/fr\",\"nextItem\":{\"@type\":\"ListItem\",\"@id\":\"https:\\\/\\\/www.bizartrit.com\\\/fr\\\/category\\\/exposition\\\/#listItem\",\"name\":\"Exposition\"}},{\"@type\":\"ListItem\",\"@id\":\"https:\\\/\\\/www.bizartrit.com\\\/fr\\\/category\\\/exposition\\\/#listItem\",\"position\":2,\"name\":\"Exposition\",\"item\":\"https:\\\/\\\/www.bizartrit.com\\\/fr\\\/category\\\/exposition\\\/\",\"nextItem\":{\"@type\":\"ListItem\",\"@id\":\"https:\\\/\\\/www.bizartrit.com\\\/fr\\\/vernissage-de-lexposition-x-les-10-ans-de-la-bizartrit\\\/#listItem\",\"name\":\"Vernissage de l&rsquo;exposition \\u00ab X \\u00bb : les 10 ans de la Biz&rsquo;ART&rsquo;Rit\"},\"previousItem\":{\"@type\":\"ListItem\",\"@id\":\"https:\\\/\\\/www.bizartrit.com\\\/fr#listItem\",\"name\":\"Home\"}},{\"@type\":\"ListItem\",\"@id\":\"https:\\\/\\\/www.bizartrit.com\\\/fr\\\/vernissage-de-lexposition-x-les-10-ans-de-la-bizartrit\\\/#listItem\",\"position\":3,\"name\":\"Vernissage de l&rsquo;exposition \\u00ab X \\u00bb : les 10 ans de la Biz&rsquo;ART&rsquo;Rit\",\"previousItem\":{\"@type\":\"ListItem\",\"@id\":\"https:\\\/\\\/www.bizartrit.com\\\/fr\\\/category\\\/exposition\\\/#listItem\",\"name\":\"Exposition\"}}]},{\"@type\":\"ItemPage\",\"@id\":\"https:\\\/\\\/www.bizartrit.com\\\/fr\\\/vernissage-de-lexposition-x-les-10-ans-de-la-bizartrit\\\/vernissage_7\\\/#itempage\",\"url\":\"https:\\\/\\\/www.bizartrit.com\\\/fr\\\/vernissage-de-lexposition-x-les-10-ans-de-la-bizartrit\\\/vernissage_7\\\/\",\"name\":\"Vernissage de l\\u2019exposition \\u00ab X \\u00bb : les 10 ans de la Biz\\u2019ART\\u2019Rit - La Biz'ART'Rit\",\"description\":\"Vernissage de l'exposition \\u00ab X \\u00bb : les 10 ans de la Biz'ART'Rit\",\"inLanguage\":\"fr-FR\",\"isPartOf\":{\"@id\":\"https:\\\/\\\/www.bizartrit.com\\\/fr\\\/#website\"},\"breadcrumb\":{\"@id\":\"https:\\\/\\\/www.bizartrit.com\\\/fr\\\/vernissage-de-lexposition-x-les-10-ans-de-la-bizartrit\\\/vernissage_7\\\/#breadcrumblist\"},\"author\":{\"@id\":\"https:\\\/\\\/www.bizartrit.com\\\/fr\\\/author\\\/cyril-biz\\\/#author\"},\"creator\":{\"@id\":\"https:\\\/\\\/www.bizartrit.com\\\/fr\\\/author\\\/cyril-biz\\\/#author\"},\"datePublished\":\"2025-06-28T16:18:47+02:00\",\"dateModified\":\"2025-06-28T16:19:18+02:00\"},{\"@type\":\"Organization\",\"@id\":\"https:\\\/\\\/www.bizartrit.com\\\/fr\\\/#organization\",\"name\":\"La Biz'ART'Rit\",\"description\":\"Association d'art plastique et contemporain\",\"url\":\"https:\\\/\\\/www.bizartrit.com\\\/fr\\\/\",\"foundingDate\":\"2015-09-30\",\"logo\":{\"@type\":\"ImageObject\",\"url\":\"https:\\\/\\\/www.bizartrit.com\\\/fr\\\/wp-content\\\/uploads\\\/2024\\\/12\\\/cropped-logoentete.png\",\"@id\":\"https:\\\/\\\/www.bizartrit.com\\\/fr\\\/vernissage-de-lexposition-x-les-10-ans-de-la-bizartrit\\\/vernissage_7\\\/#organizationLogo\",\"width\":512,\"height\":512,\"caption\":\"Logo de la Biz'Art'Rit\"},\"image\":{\"@id\":\"https:\\\/\\\/www.bizartrit.com\\\/fr\\\/vernissage-de-lexposition-x-les-10-ans-de-la-bizartrit\\\/vernissage_7\\\/#organizationLogo\"},\"sameAs\":[\"https:\\\/\\\/www.facebook.com\\\/profile.php?id=100063620470128\",\"https:\\\/\\\/www.instagram.com\\\/la_bizartrit_\\\/\",\"https:\\\/\\\/www.youtube.com\\\/@associationlabizartrit9906\"]},{\"@type\":\"Person\",\"@id\":\"https:\\\/\\\/www.bizartrit.com\\\/fr\\\/author\\\/cyril-biz\\\/#author\",\"url\":\"https:\\\/\\\/www.bizartrit.com\\\/fr\\\/author\\\/cyril-biz\\\/\",\"name\":\"Cyril Pouil\",\"image\":{\"@type\":\"ImageObject\",\"@id\":\"https:\\\/\\\/www.bizartrit.com\\\/fr\\\/vernissage-de-lexposition-x-les-10-ans-de-la-bizartrit\\\/vernissage_7\\\/#authorImage\",\"url\":\"https:\\\/\\\/secure.gravatar.com\\\/avatar\\\/c1be86b625fa558ffe37006fe0061a583b58a0dda359fef29aebce5f1c6fdb17?s=96&d=blank&r=g\",\"width\":96,\"height\":96,\"caption\":\"Cyril Pouil\"}},{\"@type\":\"WebSite\",\"@id\":\"https:\\\/\\\/www.bizartrit.com\\\/fr\\\/#website\",\"url\":\"https:\\\/\\\/www.bizartrit.com\\\/fr\\\/\",\"name\":\"La Biz'ART'Rit\",\"description\":\"Association d'art plastique et contemporain\",\"inLanguage\":\"fr-FR\",\"publisher\":{\"@id\":\"https:\\\/\\\/www.bizartrit.com\\\/fr\\\/#organization\"}}]}\n\t\t<\/script>\n\t\t<!-- All in One SEO -->\n\n","aioseo_head_json":{"title":"Vernissage de l\u2019exposition \u00ab X \u00bb : les 10 ans de la Biz\u2019ART\u2019Rit - La Biz'ART'Rit","description":"Vernissage de l'exposition \u00ab X \u00bb : les 10 ans de la Biz'ART'Rit","canonical_url":"https:\/\/www.bizartrit.com\/fr\/vernissage-de-lexposition-x-les-10-ans-de-la-bizartrit\/vernissage_7\/","robots":"max-image-preview:large","keywords":"","webmasterTools":{"miscellaneous":""},"schema":{"@context":"https:\/\/schema.org","@graph":[{"@type":"BreadcrumbList","@id":"https:\/\/www.bizartrit.com\/fr\/vernissage-de-lexposition-x-les-10-ans-de-la-bizartrit\/vernissage_7\/#breadcrumblist","itemListElement":[{"@type":"ListItem","@id":"https:\/\/www.bizartrit.com\/fr#listItem","position":1,"name":"Home","item":"https:\/\/www.bizartrit.com\/fr","nextItem":{"@type":"ListItem","@id":"https:\/\/www.bizartrit.com\/fr\/category\/exposition\/#listItem","name":"Exposition"}},{"@type":"ListItem","@id":"https:\/\/www.bizartrit.com\/fr\/category\/exposition\/#listItem","position":2,"name":"Exposition","item":"https:\/\/www.bizartrit.com\/fr\/category\/exposition\/","nextItem":{"@type":"ListItem","@id":"https:\/\/www.bizartrit.com\/fr\/vernissage-de-lexposition-x-les-10-ans-de-la-bizartrit\/#listItem","name":"Vernissage de l&rsquo;exposition \u00ab X \u00bb : les 10 ans de la Biz&rsquo;ART&rsquo;Rit"},"previousItem":{"@type":"ListItem","@id":"https:\/\/www.bizartrit.com\/fr#listItem","name":"Home"}},{"@type":"ListItem","@id":"https:\/\/www.bizartrit.com\/fr\/vernissage-de-lexposition-x-les-10-ans-de-la-bizartrit\/#listItem","position":3,"name":"Vernissage de l&rsquo;exposition \u00ab X \u00bb : les 10 ans de la Biz&rsquo;ART&rsquo;Rit","previousItem":{"@type":"ListItem","@id":"https:\/\/www.bizartrit.com\/fr\/category\/exposition\/#listItem","name":"Exposition"}}]},{"@type":"ItemPage","@id":"https:\/\/www.bizartrit.com\/fr\/vernissage-de-lexposition-x-les-10-ans-de-la-bizartrit\/vernissage_7\/#itempage","url":"https:\/\/www.bizartrit.com\/fr\/vernissage-de-lexposition-x-les-10-ans-de-la-bizartrit\/vernissage_7\/","name":"Vernissage de l\u2019exposition \u00ab X \u00bb : les 10 ans de la Biz\u2019ART\u2019Rit - La Biz'ART'Rit","description":"Vernissage de l'exposition \u00ab X \u00bb : les 10 ans de la Biz'ART'Rit","inLanguage":"fr-FR","isPartOf":{"@id":"https:\/\/www.bizartrit.com\/fr\/#website"},"breadcrumb":{"@id":"https:\/\/www.bizartrit.com\/fr\/vernissage-de-lexposition-x-les-10-ans-de-la-bizartrit\/vernissage_7\/#breadcrumblist"},"author":{"@id":"https:\/\/www.bizartrit.com\/fr\/author\/cyril-biz\/#author"},"creator":{"@id":"https:\/\/www.bizartrit.com\/fr\/author\/cyril-biz\/#author"},"datePublished":"2025-06-28T16:18:47+02:00","dateModified":"2025-06-28T16:19:18+02:00"},{"@type":"Organization","@id":"https:\/\/www.bizartrit.com\/fr\/#organization","name":"La Biz'ART'Rit","description":"Association d'art plastique et contemporain","url":"https:\/\/www.bizartrit.com\/fr\/","foundingDate":"2015-09-30","logo":{"@type":"ImageObject","url":"https:\/\/www.bizartrit.com\/fr\/wp-content\/uploads\/2024\/12\/cropped-logoentete.png","@id":"https:\/\/www.bizartrit.com\/fr\/vernissage-de-lexposition-x-les-10-ans-de-la-bizartrit\/vernissage_7\/#organizationLogo","width":512,"height":512,"caption":"Logo de la Biz'Art'Rit"},"image":{"@id":"https:\/\/www.bizartrit.com\/fr\/vernissage-de-lexposition-x-les-10-ans-de-la-bizartrit\/vernissage_7\/#organizationLogo"},"sameAs":["https:\/\/www.facebook.com\/profile.php?id=100063620470128","https:\/\/www.instagram.com\/la_bizartrit_\/","https:\/\/www.youtube.com\/@associationlabizartrit9906"]},{"@type":"Person","@id":"https:\/\/www.bizartrit.com\/fr\/author\/cyril-biz\/#author","url":"https:\/\/www.bizartrit.com\/fr\/author\/cyril-biz\/","name":"Cyril Pouil","image":{"@type":"ImageObject","@id":"https:\/\/www.bizartrit.com\/fr\/vernissage-de-lexposition-x-les-10-ans-de-la-bizartrit\/vernissage_7\/#authorImage","url":"https:\/\/secure.gravatar.com\/avatar\/c1be86b625fa558ffe37006fe0061a583b58a0dda359fef29aebce5f1c6fdb17?s=96&d=blank&r=g","width":96,"height":96,"caption":"Cyril Pouil"}},{"@type":"WebSite","@id":"https:\/\/www.bizartrit.com\/fr\/#website","url":"https:\/\/www.bizartrit.com\/fr\/","name":"La Biz'ART'Rit","description":"Association d'art plastique et contemporain","inLanguage":"fr-FR","publisher":{"@id":"https:\/\/www.bizartrit.com\/fr\/#organization"}}]},"og:locale":"fr_FR","og:site_name":"La Biz'ART'Rit - Association d'art plastique et contemporain","og:type":"article","og:title":"Vernissage de l\u2019exposition \u00ab X \u00bb : les 10 ans de la Biz\u2019ART\u2019Rit - La Biz'ART'Rit","og:description":"Vernissage de l'exposition \u00ab X \u00bb : les 10 ans de la Biz'ART'Rit","og:url":"https:\/\/www.bizartrit.com\/fr\/vernissage-de-lexposition-x-les-10-ans-de-la-bizartrit\/vernissage_7\/","og:image":"https:\/\/www.bizartrit.com\/fr\/wp-content\/uploads\/2016\/10\/logo-blanc.png","og:image:secure_url":"https:\/\/www.bizartrit.com\/fr\/wp-content\/uploads\/2016\/10\/logo-blanc.png","article:published_time":"2025-06-28T14:18:47+00:00","article:modified_time":"2025-06-28T14:19:18+00:00","article:publisher":"https:\/\/www.facebook.com\/profile.php?id=100063620470128","twitter:card":"summary_large_image","twitter:title":"Vernissage de l\u2019exposition \u00ab X \u00bb : les 10 ans de la Biz\u2019ART\u2019Rit - La Biz'ART'Rit","twitter:description":"Vernissage de l'exposition \u00ab X \u00bb : les 10 ans de la Biz'ART'Rit","twitter:image":"https:\/\/www.bizartrit.com\/fr\/wp-content\/uploads\/2016\/10\/logo-blanc.png"},"aioseo_meta_data":{"post_id":"2192","title":null,"description":null,"keywords":null,"keyphrases":{"focus":{"keyphrase":"","score":0,"analysis":{"keyphraseInTitle":{"score":0,"maxScore":9,"error":1}}},"additional":[]},"primary_term":null,"canonical_url":null,"og_title":null,"og_description":null,"og_object_type":"default","og_image_type":"default","og_image_url":null,"og_image_width":null,"og_image_height":null,"og_image_custom_url":null,"og_image_custom_fields":null,"og_video":"","og_custom_url":null,"og_article_section":null,"og_article_tags":null,"twitter_use_og":false,"twitter_card":"default","twitter_image_type":"default","twitter_image_url":null,"twitter_image_custom_url":null,"twitter_image_custom_fields":null,"twitter_title":null,"twitter_description":null,"schema":{"blockGraphs":[],"customGraphs":[],"default":{"data":{"Article":[],"Course":[],"Dataset":[],"FAQPage":[],"Movie":[],"Person":[],"Product":[],"ProductReview":[],"Car":[],"Recipe":[],"Service":[],"SoftwareApplication":[],"WebPage":[]},"graphName":"BlogPosting","isEnabled":true},"graphs":[]},"schema_type":"default","schema_type_options":null,"pillar_content":false,"robots_default":true,"robots_noindex":false,"robots_noarchive":false,"robots_nosnippet":false,"robots_nofollow":false,"robots_noimageindex":false,"robots_noodp":false,"robots_notranslate":false,"robots_max_snippet":"-1","robots_max_videopreview":"-1","robots_max_imagepreview":"large","priority":null,"frequency":"default","local_seo":null,"breadcrumb_settings":null,"limit_modified_date":false,"ai":null,"created":"2025-06-28 14:21:58","updated":"2025-11-28 11:45:31","seo_analyzer_scan_date":null},"aioseo_breadcrumb":"<div class=\"aioseo-breadcrumbs\"><span class=\"aioseo-breadcrumb\">\n\t\t\t<a href=\"https:\/\/www.bizartrit.com\/fr\" title=\"Home\">Home<\/a>\n\t\t<\/span><span class=\"aioseo-breadcrumb-separator\">&raquo;<\/span><span class=\"aioseo-breadcrumb\">\n\t\t\t<a href=\"https:\/\/www.bizartrit.com\/fr\/category\/exposition\/\" title=\"Exposition\">Exposition<\/a>\n\t\t<\/span><span class=\"aioseo-breadcrumb-separator\">&raquo;<\/span><span class=\"aioseo-breadcrumb\">\n\t\t\tVernissage de l\u2019exposition \u00ab X \u00bb : les 10 ans de la Biz\u2019ART\u2019Rit\n\t\t<\/span><\/div>","aioseo_breadcrumb_json":[{"label":"Home","link":"https:\/\/www.bizartrit.com\/fr"},{"label":"Exposition","link":"https:\/\/www.bizartrit.com\/fr\/category\/exposition\/"},{"label":"Vernissage de l&rsquo;exposition \u00ab X \u00bb : les 10 ans de la Biz&rsquo;ART&rsquo;Rit","link":"https:\/\/www.bizartrit.com\/fr\/vernissage-de-lexposition-x-les-10-ans-de-la-bizartrit\/"}],"_links":{"self":[{"href":"https:\/\/www.bizartrit.com\/fr\/wp-json\/wp\/v2\/posts\/2192","targetHints":{"allow":["GET"]}}],"collection":[{"href":"https:\/\/www.bizartrit.com\/fr\/wp-json\/wp\/v2\/posts"}],"about":[{"href":"https:\/\/www.bizartrit.com\/fr\/wp-json\/wp\/v2\/types\/post"}],"author":[{"embeddable":true,"href":"https:\/\/www.bizartrit.com\/fr\/wp-json\/wp\/v2\/users\/8"}],"replies":[{"embeddable":true,"href":"https:\/\/www.bizartrit.com\/fr\/wp-json\/wp\/v2\/comments?post=2192"}],"version-history":[{"count":7,"href":"https:\/\/www.bizartrit.com\/fr\/wp-json\/wp\/v2\/posts\/2192\/revisions"}],"predecessor-version":[{"id":2508,"href":"https:\/\/www.bizartrit.com\/fr\/wp-json\/wp\/v2\/posts\/2192\/revisions\/2508"}],"wp:featuredmedia":[{"embeddable":true,"href":"https:\/\/www.bizartrit.com\/fr\/wp-json\/wp\/v2\/media\/2206"}],"wp:attachment":[{"href":"https:\/\/www.bizartrit.com\/fr\/wp-json\/wp\/v2\/media?parent=2192"}],"wp:term":[{"taxonomy":"category","embeddable":true,"href":"https:\/\/www.bizartrit.com\/fr\/wp-json\/wp\/v2\/categories?post=2192"},{"taxonomy":"post_tag","embeddable":true,"href":"https:\/\/www.bizartrit.com\/fr\/wp-json\/wp\/v2\/tags?post=2192"}],"curies":[{"name":"wp","href":"https:\/\/api.w.org\/{rel}","templated":true}]}}